{"id":1720,"date":"2026-02-04T04:19:19","date_gmt":"2026-02-04T04:19:19","guid":{"rendered":"https:\/\/animalesypraxis.org\/?p=1720"},"modified":"2026-02-04T04:19:19","modified_gmt":"2026-02-04T04:19:19","slug":"avila-torres-gonzalo-andres-andy-a-chao-resena-de-miranda-brenes-sebastian-el-libro-animal-de-los-muertos","status":"publish","type":"post","link":"https:\/\/animalesypraxis.org\/?p=1720","title":{"rendered":"\u00c1VILA T\u00d3RRES, Gonzalo Andr\u00e9s  (Andy A. Chao), Rese\u00f1a de MIRANDA BRENES, Sebastian, &#8220;El libro animal de los muertos&#8221;,"},"content":{"rendered":"\n<p><br>Para quienes gustan de la poes\u00eda, aqu\u00ed les dejamos una rese\u00f1a sobre &#8220;El libro animal de los muertos&#8221; de Sebastian Miranda Brenes, realizada por: Gonzalo Andr\u00e9s \u00c1vila Torres (Andy A. Chao)<\/p>\n\n\n\n<p>\u201cEl hombre ha hecho de la Tierra un infierno para los animales\u201d, esta frase dicha por Schopenhauer es reflejo de las voces que se encuentran diseminadas en este libro. Cuando las voces de los no escuchados se presentan casi a gritos no queda otra alternativa m\u00e1s que voltear a ver la barbarie de la que todos hemos sido participes.<br>A lo largo de tres apartados, Sebasti\u00e1n Mireles nos va conduciendo, acompasando el verso y lo estad\u00edstico, en las palabras de aquellos que han sucumbido a nuestros actos: Los sacrificados en nombre de la costumbre; los vendidos y explotados; los cazados; las que son victimas de una crianza que perpet\u00faa el dolor y la separaci\u00f3n de madres e hijos. Porque s\u00ed, aqu\u00ed no se habla de estos seres como un \u201ceso\u201d, sino como un \u201cello\u201d, como iguales, como seres que sufren, que sienten y que pierden. Pierden en nombre de una masacre a la que hemos decidido llamar \u201cprogreso\u201d.<br>\u00bfEl resultado? La gravedad reflejada de nuestras acciones, totalmente te\u00f1idas de un antropocentrismo, hacia el mundo de lo animal no humano. La intenci\u00f3n de lo que busca transmitir el autor es dar voz: entablar un di\u00e1logo entre el lector y el lenguaje que encierra el dolor, el cansancio, la p\u00e9rdida y la muerte de aquellos que a veces se han sabido olvidados por el animal humano.<br>Un libro con un lenguaje mordaz pero certero. Una compilaci\u00f3n de poemas que no dejar\u00e1 indiferente a nadie que se preocupe por la cuesti\u00f3n animal. Las reflexiones invitan a mirar m\u00e1s all\u00e1 de nuestra especie; a entender que el sufrimiento es compartido m\u00e1s all\u00e1 de la posici\u00f3n de la que nos veamos \u201cbeneficiados\u201d.<\/p>\n\n\n\n<figure class=\"wp-block-embed\"><div class=\"wp-block-embed__wrapper\">\nhttps:\/\/www.facebook.com\/story.php?story_fbid=876827735108292&#038;id=100083432196294&#038;rdid=nUPWCTkofPAEPKSS#\n<\/div><\/figure>\n\n\n\n<p><\/p>\n\n\n\n<figure class=\"wp-block-image size-large\"><img fetchpriority=\"high\" decoding=\"async\" width=\"682\" height=\"1024\" src=\"https:\/\/animalesypraxis.org\/wp-content\/uploads\/2026\/02\/image-1-682x1024.png\" alt=\"\" class=\"wp-image-1721\" srcset=\"https:\/\/animalesypraxis.org\/wp-content\/uploads\/2026\/02\/image-1-682x1024.png 682w, https:\/\/animalesypraxis.org\/wp-content\/uploads\/2026\/02\/image-1-200x300.png 200w, https:\/\/animalesypraxis.org\/wp-content\/uploads\/2026\/02\/image-1-768x1154.png 768w, https:\/\/animalesypraxis.org\/wp-content\/uploads\/2026\/02\/image-1.png 852w\" sizes=\"(max-width: 682px) 100vw, 682px\" \/><\/figure>\n\n\n\n<p><\/p>\n","protected":false},"excerpt":{"rendered":"<p>Para quienes gustan de la poes\u00eda, aqu\u00ed les dejamos una rese\u00f1a sobre &#8220;El libro animal de los muertos&#8221; de Sebastian Miranda Brenes, realizada por: Gonzalo Andr\u00e9s \u00c1vila Torres (Andy A. Chao) \u201cEl hombre ha hecho de la Tierra un infierno para los animales\u201d, esta frase dicha por Schopenhauer es reflejo de las voces que se [&hellip;]<\/p>\n","protected":false},"author":1,"featured_media":1721,"comment_status":"open","ping_status":"open","sticky":false,"template":"","format":"standard","meta":{"footnotes":""},"categories":[27],"tags":[43,207,180,92],"class_list":["post-1720","post","type-post","status-publish","format-standard","has-post-thumbnail","hentry","category-resenas","tag-animales","tag-muertos","tag-poesia","tag-resena"],"_links":{"self":[{"href":"https:\/\/animalesypraxis.org\/index.php?rest_route=\/wp\/v2\/posts\/1720","targetHints":{"allow":["GET"]}}],"collection":[{"href":"https:\/\/animalesypraxis.org\/index.php?rest_route=\/wp\/v2\/posts"}],"about":[{"href":"https:\/\/animalesypraxis.org\/index.php?rest_route=\/wp\/v2\/types\/post"}],"author":[{"embeddable":true,"href":"https:\/\/animalesypraxis.org\/index.php?rest_route=\/wp\/v2\/users\/1"}],"replies":[{"embeddable":true,"href":"https:\/\/animalesypraxis.org\/index.php?rest_route=%2Fwp%2Fv2%2Fcomments&post=1720"}],"version-history":[{"count":1,"href":"https:\/\/animalesypraxis.org\/index.php?rest_route=\/wp\/v2\/posts\/1720\/revisions"}],"predecessor-version":[{"id":1723,"href":"https:\/\/animalesypraxis.org\/index.php?rest_route=\/wp\/v2\/posts\/1720\/revisions\/1723"}],"wp:featuredmedia":[{"embeddable":true,"href":"https:\/\/animalesypraxis.org\/index.php?rest_route=\/wp\/v2\/media\/1721"}],"wp:attachment":[{"href":"https:\/\/animalesypraxis.org\/index.php?rest_route=%2Fwp%2Fv2%2Fmedia&parent=1720"}],"wp:term":[{"taxonomy":"category","embeddable":true,"href":"https:\/\/animalesypraxis.org\/index.php?rest_route=%2Fwp%2Fv2%2Fcategories&post=1720"},{"taxonomy":"post_tag","embeddable":true,"href":"https:\/\/animalesypraxis.org\/index.php?rest_route=%2Fwp%2Fv2%2Ftags&post=1720"}],"curies":[{"name":"wp","href":"https:\/\/api.w.org\/{rel}","templated":true}]}}