{"id":810,"date":"2024-11-27T01:51:34","date_gmt":"2024-11-27T01:51:34","guid":{"rendered":"https:\/\/animalesypraxis.org\/?p=810"},"modified":"2024-11-27T01:51:39","modified_gmt":"2024-11-27T01:51:39","slug":"venta-de-comida-vegana-en-la-udg","status":"publish","type":"post","link":"https:\/\/animalesypraxis.org\/?p=810","title":{"rendered":"Venta de comida vegana en la UdG"},"content":{"rendered":"\n<p>Hola a todes! El d\u00eda de hoy fue nuestro \u00faltimo jueves de venta del semestre en curso. Les env\u00edamos muchos agradecimientos a todes quienes compraron de los alimentos que preparamos cada uno de los integrantes en este proyecto. As\u00ed tambi\u00e9n, agradecemos el esfuerzo de nuestres compa\u00f1eres Minerva, Susana, Lucas, Luis, Flor, Paola y Arturo por estar presentes y continuar con el proyecto un semestre m\u00e1s, y, por supuesto, un gran agradecimiento a la dra. Nely Lucano por siempre <a><\/a>estar ah\u00ed y siendo un pilar fundamental para Animales y Praxis; todes juntes por y para los animales.<\/p>\n\n\n\n<p>Nos vemos el siguiente semestre, donde seguiremos haciendo la venta, porque el veganismo y la comunidad vegana debe tener visibilidad; pues esto no es s\u00f3lo un estilo de vida, sino tambi\u00e9n una postura pol\u00edtica, que ve por el bien de todos, animales humanos y animales no humanos. Muchas gracias!<\/p>\n","protected":false},"excerpt":{"rendered":"<p>Hola a todes! El d\u00eda de hoy fue nuestro \u00faltimo jueves de venta del semestre en curso. Les env\u00edamos muchos agradecimientos a todes quienes compraron de los alimentos que preparamos cada uno de los integrantes en este proyecto. As\u00ed tambi\u00e9n, agradecemos el esfuerzo de nuestres compa\u00f1eres Minerva, Susana, Lucas, Luis, Flor, Paola y Arturo por [&hellip;]<\/p>\n","protected":false},"author":1,"featured_media":814,"comment_status":"open","ping_status":"open","sticky":false,"template":"","format":"standard","meta":{"footnotes":""},"categories":[30],"tags":[88,91,90,89],"class_list":["post-810","post","type-post","status-publish","format-standard","has-post-thumbnail","hentry","category-miscelaneo","tag-actividades","tag-equipo","tag-udg","tag-venta-de-comida"],"_links":{"self":[{"href":"https:\/\/animalesypraxis.org\/index.php?rest_route=\/wp\/v2\/posts\/810","targetHints":{"allow":["GET"]}}],"collection":[{"href":"https:\/\/animalesypraxis.org\/index.php?rest_route=\/wp\/v2\/posts"}],"about":[{"href":"https:\/\/animalesypraxis.org\/index.php?rest_route=\/wp\/v2\/types\/post"}],"author":[{"embeddable":true,"href":"https:\/\/animalesypraxis.org\/index.php?rest_route=\/wp\/v2\/users\/1"}],"replies":[{"embeddable":true,"href":"https:\/\/animalesypraxis.org\/index.php?rest_route=%2Fwp%2Fv2%2Fcomments&post=810"}],"version-history":[{"count":1,"href":"https:\/\/animalesypraxis.org\/index.php?rest_route=\/wp\/v2\/posts\/810\/revisions"}],"predecessor-version":[{"id":815,"href":"https:\/\/animalesypraxis.org\/index.php?rest_route=\/wp\/v2\/posts\/810\/revisions\/815"}],"wp:featuredmedia":[{"embeddable":true,"href":"https:\/\/animalesypraxis.org\/index.php?rest_route=\/wp\/v2\/media\/814"}],"wp:attachment":[{"href":"https:\/\/animalesypraxis.org\/index.php?rest_route=%2Fwp%2Fv2%2Fmedia&parent=810"}],"wp:term":[{"taxonomy":"category","embeddable":true,"href":"https:\/\/animalesypraxis.org\/index.php?rest_route=%2Fwp%2Fv2%2Fcategories&post=810"},{"taxonomy":"post_tag","embeddable":true,"href":"https:\/\/animalesypraxis.org\/index.php?rest_route=%2Fwp%2Fv2%2Ftags&post=810"}],"curies":[{"name":"wp","href":"https:\/\/api.w.org\/{rel}","templated":true}]}}