{"id":834,"date":"2024-11-27T02:17:59","date_gmt":"2024-11-27T02:17:59","guid":{"rendered":"https:\/\/animalesypraxis.org\/?p=834"},"modified":"2024-11-27T02:18:06","modified_gmt":"2024-11-27T02:18:06","slug":"01-de-noviembre-dia-mundial-del-veganismo","status":"publish","type":"post","link":"https:\/\/animalesypraxis.org\/?p=834","title":{"rendered":"01 de noviembre d\u00eda mundial del veganismo"},"content":{"rendered":"\n<p>Hola a todes. Hoy 1 de noviembre, por ser el d\u00eda mundial del veganismo, la Dra. Nely Lucano nos comparti\u00f3 este breve texto hablando sobre este d\u00eda y la importancia de su conmemoraci\u00f3n.<\/p>\n\n\n\n<p>D\u00eda mundial del veganismo<\/p>\n\n\n\n<p>Son diversos los hechos que ponen en evidencia que el trato que dispensamos a los animales es un tema serio y urgente de ser atendido. Por lo que no es casualidad, que cada 1 de noviembre se celebre el d\u00eda mundial del veganismo. Hoy queremos agradecer, por una parte, a <a><\/a>quienes conforman el proyecto universitario Animales y Praxis, a quienes nos siguen y apoyan en los distintos eventos que realizamos a favor de los animales no humanos dentro y fuera de la academia. Sabemos que el veganismo no es s\u00f3lo una forma de alimentarnos, sino todo un compromiso con aquellos animales que padecen las diversas formas de barbarie aceptadas y normalizadas a nivel grupal o social. Por lo que estamos plenamente convencides que la teor\u00eda basada en buenos argumentos, investigaci\u00f3n y autocr\u00edtica es una gu\u00eda para fundamentar y fortalecer nuestras pr\u00e1cticas y actividades a favor de los animales. Hoy trabajamos para que llegue el d\u00eda en que cada 1 de noviembre sea festejado por las futuras generaciones como un triunfo sobre un pasado terrible edificado en la muerte y explotaci\u00f3n animal. \u00a1Enhorabuena a quienes luchan incansablemente para que sea posible este futuro!<\/p>\n","protected":false},"excerpt":{"rendered":"<p>Hola a todes. Hoy 1 de noviembre, por ser el d\u00eda mundial del veganismo, la Dra. Nely Lucano nos comparti\u00f3 este breve texto hablando sobre este d\u00eda y la importancia de su conmemoraci\u00f3n. D\u00eda mundial del veganismo Son diversos los hechos que ponen en evidencia que el trato que dispensamos a los animales es un [&hellip;]<\/p>\n","protected":false},"author":1,"featured_media":835,"comment_status":"open","ping_status":"open","sticky":false,"template":"","format":"standard","meta":{"footnotes":""},"categories":[29,26],"tags":[110,111,112],"class_list":["post-834","post","type-post","status-publish","format-standard","has-post-thumbnail","hentry","category-datos-curiosos","category-reflexiones","tag-01-noviembre","tag-dia-mundial-del-veganismo","tag-veganismo"],"_links":{"self":[{"href":"https:\/\/animalesypraxis.org\/index.php?rest_route=\/wp\/v2\/posts\/834","targetHints":{"allow":["GET"]}}],"collection":[{"href":"https:\/\/animalesypraxis.org\/index.php?rest_route=\/wp\/v2\/posts"}],"about":[{"href":"https:\/\/animalesypraxis.org\/index.php?rest_route=\/wp\/v2\/types\/post"}],"author":[{"embeddable":true,"href":"https:\/\/animalesypraxis.org\/index.php?rest_route=\/wp\/v2\/users\/1"}],"replies":[{"embeddable":true,"href":"https:\/\/animalesypraxis.org\/index.php?rest_route=%2Fwp%2Fv2%2Fcomments&post=834"}],"version-history":[{"count":1,"href":"https:\/\/animalesypraxis.org\/index.php?rest_route=\/wp\/v2\/posts\/834\/revisions"}],"predecessor-version":[{"id":836,"href":"https:\/\/animalesypraxis.org\/index.php?rest_route=\/wp\/v2\/posts\/834\/revisions\/836"}],"wp:featuredmedia":[{"embeddable":true,"href":"https:\/\/animalesypraxis.org\/index.php?rest_route=\/wp\/v2\/media\/835"}],"wp:attachment":[{"href":"https:\/\/animalesypraxis.org\/index.php?rest_route=%2Fwp%2Fv2%2Fmedia&parent=834"}],"wp:term":[{"taxonomy":"category","embeddable":true,"href":"https:\/\/animalesypraxis.org\/index.php?rest_route=%2Fwp%2Fv2%2Fcategories&post=834"},{"taxonomy":"post_tag","embeddable":true,"href":"https:\/\/animalesypraxis.org\/index.php?rest_route=%2Fwp%2Fv2%2Ftags&post=834"}],"curies":[{"name":"wp","href":"https:\/\/api.w.org\/{rel}","templated":true}]}}