{"id":843,"date":"2024-11-27T02:27:57","date_gmt":"2024-11-27T02:27:57","guid":{"rendered":"https:\/\/animalesypraxis.org\/?p=843"},"modified":"2024-11-27T02:29:14","modified_gmt":"2024-11-27T02:29:14","slug":"informacion-sobre-la-declaracion-universidad-de-los-derechos-del-animal","status":"publish","type":"post","link":"https:\/\/animalesypraxis.org\/?p=843","title":{"rendered":"Informaci\u00f3n sobre la Declaraci\u00f3n Universidad de los Derechos del Animal."},"content":{"rendered":"\n<p>Hola a todes,  nuestro compa\u00f1ero Joel Su\u00e1rez nos comparte esta informaci\u00f3n sobre la Declaraci\u00f3n Universidad de los Derechos del Animal. <\/p>\n\n\n\n<p>El 15 de Octubre de 1978 la Liga Internacional de los Derechos del Animal proclam\u00f3<\/p>\n\n\n\n<p>La Declaraci\u00f3n Universal de los Derechos de los Animales, La UNESCO<\/p>\n\n\n\n<p>(Organizaci\u00f3n de las Naciones Unidas para la Educaci\u00f3n, la Ciencia y la<\/p>\n\n\n\n<p><a><\/a>Cultura por sus siglas en ingl\u00e9s) por su parte la aprob\u00f3, haciendo la ONU<\/p>\n\n\n\n<p>(Organizaci\u00f3n de las Naciones Unidas) lo mismo.<\/p>\n\n\n\n<p>Esta declaraci\u00f3n es una declaraci\u00f3n jur\u00eddica en la que se reconoce a los animales<\/p>\n\n\n\n<p>como objetos de derechos y tutela de los mismos.<\/p>\n\n\n\n<p>Ahora bien dentro del pre\u00e1mbulo de la declaraci\u00f3n tiene algunos considerandos<\/p>\n\n\n\n<p>dignos de evaluar, y que podemos conjugar en lo siguiente:<\/p>\n\n\n\n<p>Los animales tienen derechos, los seres humanos reconociendo estos derechos,<\/p>\n\n\n\n<p>tienen la obligaci\u00f3n de tutelarlos, en consecuencia garantizar la co-existancia, por<\/p>\n\n\n\n<p>esto mismo y en palabras de la declaraci\u00f3n, se han cometido cr\u00edmenes contra la<\/p>\n\n\n\n<p>naturaleza y genocidio contra los animales, el ultimo considerando no menos<\/p>\n\n\n\n<p>importante se\u00f1ala que estamos obligados a tutelar estos derechos desde la infancia<\/p>\n\n\n\n<p>mediante la educaci\u00f3n y la cultura a respetar a los animales.<\/p>\n\n\n\n<p>Pero cabe la pregunta incomoda \u00bfestamos ya a casi 50 a\u00f1os de esta proclamaci\u00f3n,<\/p>\n\n\n\n<p>haciendo lo propio?<\/p>\n\n\n\n<p>Este espacio ser\u00e1 una serie de an\u00e1lisis y referencia de los 14 art\u00edculos que<\/p>\n\n\n\n<p>comprenden esta declaraci\u00f3n y una evaluaci\u00f3n realista de su contenido.<\/p>\n\n\n\n<p>Work Cited<\/p>\n\n\n\n<p>Las Ligas Nacionales afiliadas. DECLARACI\u00d3N UNIVERSAL DE LOS DERECHOS<\/p>\n\n\n\n<p>DEL ANIMAL. 15 Octubre 1977,<\/p>\n\n\n\n<p><a href=\"http:\/\/www.aspac.org.es\/protectora\/archivo\/legislacion\/pdf\/declaracion_dchos?fbclid=IwZXh0bgNhZW0CMTAAAR1Wrle6cj4psL7UTrXYbd4H_em_TAiPzZllMyRRLqYE0yyxvkRZ37Y8E5M_aem_chDz-i4WVJMCcbUaCYeLXw\" rel=\"noreferrer noopener nofollow\" target=\"_blank\">http:\/\/www.aspac.org.es\/&#8230;\/legisla&#8230;\/pdf\/declaracion_dchos<\/a><\/p>\n\n\n\n<p>_animales.pdf.<\/p>\n","protected":false},"excerpt":{"rendered":"<p>Hola a todes, nuestro compa\u00f1ero Joel Su\u00e1rez nos comparte esta informaci\u00f3n sobre la Declaraci\u00f3n Universidad de los Derechos del Animal. El 15 de Octubre de 1978 la Liga Internacional de los Derechos del Animal proclam\u00f3 La Declaraci\u00f3n Universal de los Derechos de los Animales, La UNESCO (Organizaci\u00f3n de las Naciones Unidas para la Educaci\u00f3n, la [&hellip;]<\/p>\n","protected":false},"author":1,"featured_media":844,"comment_status":"open","ping_status":"open","sticky":false,"template":"","format":"standard","meta":{"footnotes":""},"categories":[28],"tags":[105,45,106],"class_list":["post-843","post","type-post","status-publish","format-standard","has-post-thumbnail","hentry","category-normativo","tag-derecho","tag-derechos-animales","tag-ley"],"_links":{"self":[{"href":"https:\/\/animalesypraxis.org\/index.php?rest_route=\/wp\/v2\/posts\/843","targetHints":{"allow":["GET"]}}],"collection":[{"href":"https:\/\/animalesypraxis.org\/index.php?rest_route=\/wp\/v2\/posts"}],"about":[{"href":"https:\/\/animalesypraxis.org\/index.php?rest_route=\/wp\/v2\/types\/post"}],"author":[{"embeddable":true,"href":"https:\/\/animalesypraxis.org\/index.php?rest_route=\/wp\/v2\/users\/1"}],"replies":[{"embeddable":true,"href":"https:\/\/animalesypraxis.org\/index.php?rest_route=%2Fwp%2Fv2%2Fcomments&post=843"}],"version-history":[{"count":1,"href":"https:\/\/animalesypraxis.org\/index.php?rest_route=\/wp\/v2\/posts\/843\/revisions"}],"predecessor-version":[{"id":845,"href":"https:\/\/animalesypraxis.org\/index.php?rest_route=\/wp\/v2\/posts\/843\/revisions\/845"}],"wp:featuredmedia":[{"embeddable":true,"href":"https:\/\/animalesypraxis.org\/index.php?rest_route=\/wp\/v2\/media\/844"}],"wp:attachment":[{"href":"https:\/\/animalesypraxis.org\/index.php?rest_route=%2Fwp%2Fv2%2Fmedia&parent=843"}],"wp:term":[{"taxonomy":"category","embeddable":true,"href":"https:\/\/animalesypraxis.org\/index.php?rest_route=%2Fwp%2Fv2%2Fcategories&post=843"},{"taxonomy":"post_tag","embeddable":true,"href":"https:\/\/animalesypraxis.org\/index.php?rest_route=%2Fwp%2Fv2%2Ftags&post=843"}],"curies":[{"name":"wp","href":"https:\/\/api.w.org\/{rel}","templated":true}]}}