{"id":894,"date":"2025-03-21T04:00:10","date_gmt":"2025-03-21T04:00:10","guid":{"rendered":"https:\/\/animalesypraxis.org\/?p=894"},"modified":"2025-05-26T03:37:18","modified_gmt":"2025-05-26T03:37:18","slug":"historia-de-los-animales","status":"publish","type":"post","link":"https:\/\/animalesypraxis.org\/?p=894","title":{"rendered":"HISTORIA DE LOS ANIMALES"},"content":{"rendered":"\n<p>Por Francisco Mart\u00ednez Luna\u00a0<\/p>\n\n\n\n<p>La Historia de los animales no humanos muestra c\u00f3mo se us\u00f3, concibi\u00f3 y represent\u00f3 a dichos seres en el pasado, comprende a diferentes culturas en su contexto y, hasta cierto punto, &#8220;justifica&#8221; sus acciones. Sin embargo, la experiencia hist\u00f3rica no debe servir para &#8220;avalar&#8221; lo que hoy sucede con los animales no humanos, el uso del pasado con esa intenci\u00f3n, ser\u00eda, incluso, ahist\u00f3rico porque, entonces, no estamos comprendiendo que nos encontramos frente a otros contextos, necesidades, leyes, reflexiones, etc\u00e9tera, no nos estamos comprendiendo a nosotros mismo, no estamos, ni siquiera, comprendiendo la funci\u00f3n de la Historia. La historia no se repite.<\/p>\n\n\n\n<p>Lo que ha sucedido en el pasado, no siempre es lo m\u00e1s adecuado para nuestro presente. La experiencia hist\u00f3rica debe ayudar a cuestionarnos para romper con lo que hoy no aceptamos como \u2018herencia cultural\u2019. La Historia sirve de espejo para juzgarnos. Tal como lo demostr\u00f3 la antropolog\u00eda en los a\u00f1os 40 y 60, comprender a otra cultura, es comprendernos a nosotros mismos, observar a otros, es observarnos a nosotros mismos, pero no desde un sentido pasivo, sino cr\u00edtico.<\/p>\n\n\n\n<p>Bajo esa perspectiva, entonces, vemos que argumentos referentes a la \u2018herencia cultural\u2019, no sostienen lo que en el presente se hace, por ejemplo, en la tauromaquia, en las industrias de pieles, en la industria alimenticia, en el \u00e1mbito del entretenimiento, en el \u00e1mbito familiar y privado, etc\u00e9tera. La Historia de los animales no humanos nos deber\u00eda permitir comprender que, en efecto, hay una \u2018herencia cultural\u2019, pero \u00e9sta no es necesaria y puede no ser aceptada.<\/p>\n\n\n\n<p>Nuestra sociedad ha cambiado, el uso, concepci\u00f3n y representaci\u00f3n de los animales no humanos en la Edad Media, por ejemplo, respond\u00eda a otros elementos, patrones y necesidades, hoy el avance de la tecnolog\u00eda permite tener productos textiles de alta calidad, m\u00e1s eficaces, c\u00f3modos, higi\u00e9nicos y econ\u00f3micos que las pieles o plumas que en alg\u00fan momento fueron la opci\u00f3n m\u00e1s accesible. Y ello pasa en todos los \u00e1mbitos, el alimenticio, el del entretenimiento, el industrial, etc\u00e9tera.<\/p>\n\n\n\n<p>La escritura de la Historia desde una posici\u00f3n \u2018militante\u2019 (la que sea), en este caso, desde la defensa de los animales de nuestro presente, es aceptable, porque el historiador no es, ni busca la \u2018objetividad\u2019 como se pretendi\u00f3 en el siglo XIX. No hay Historia, que no tenga elementos pol\u00edticos, morales, epist\u00e9micos y est\u00e9ticos impl\u00edcitos o expl\u00edcitos. Lo que debemos tratar de evitar son los anacronismos conscientes, porque en el inconsciente, la Historia siempre ser\u00e1 anacr\u00f3nica. Se escribe desde el presente, con nuestros conceptos y palabras, ning\u00fan lenguaje del es usado en el mismo sentido que en el pasado, s\u00f3lo hay aproximaciones.<\/p>\n\n\n\n<figure class=\"wp-block-image size-full is-resized\"><img fetchpriority=\"high\" decoding=\"async\" width=\"300\" height=\"183\" src=\"https:\/\/animalesypraxis.org\/wp-content\/uploads\/2025\/03\/image-3.png\" alt=\"\" class=\"wp-image-895\" style=\"width:725px;height:auto\"\/><\/figure>\n\n\n\n<figure class=\"wp-block-image size-large\"><img decoding=\"async\" width=\"1024\" height=\"1024\" src=\"https:\/\/animalesypraxis.org\/wp-content\/uploads\/2025\/03\/image-4-1024x1024.png\" alt=\"\" class=\"wp-image-896\" srcset=\"https:\/\/animalesypraxis.org\/wp-content\/uploads\/2025\/03\/image-4-1024x1024.png 1024w, https:\/\/animalesypraxis.org\/wp-content\/uploads\/2025\/03\/image-4-300x300.png 300w, https:\/\/animalesypraxis.org\/wp-content\/uploads\/2025\/03\/image-4-150x150.png 150w, https:\/\/animalesypraxis.org\/wp-content\/uploads\/2025\/03\/image-4-768x768.png 768w, https:\/\/animalesypraxis.org\/wp-content\/uploads\/2025\/03\/image-4.png 1200w\" sizes=\"(max-width: 1024px) 100vw, 1024px\" \/><\/figure>\n\n\n\n<figure class=\"wp-block-image size-full is-resized\"><img decoding=\"async\" width=\"612\" height=\"610\" src=\"https:\/\/animalesypraxis.org\/wp-content\/uploads\/2025\/03\/image-5.png\" alt=\"\" class=\"wp-image-897\" style=\"width:730px;height:auto\" srcset=\"https:\/\/animalesypraxis.org\/wp-content\/uploads\/2025\/03\/image-5.png 612w, https:\/\/animalesypraxis.org\/wp-content\/uploads\/2025\/03\/image-5-300x300.png 300w, https:\/\/animalesypraxis.org\/wp-content\/uploads\/2025\/03\/image-5-150x150.png 150w\" sizes=\"(max-width: 612px) 100vw, 612px\" \/><\/figure>\n","protected":false},"excerpt":{"rendered":"<p>Por Francisco Mart\u00ednez Luna\u00a0 La Historia de los animales no humanos muestra c\u00f3mo se us\u00f3, concibi\u00f3 y represent\u00f3 a dichos seres en el pasado, comprende a diferentes culturas en su contexto y, hasta cierto punto, &#8220;justifica&#8221; sus acciones. Sin embargo, la experiencia hist\u00f3rica no debe servir para &#8220;avalar&#8221; lo que hoy sucede con los animales [&hellip;]<\/p>\n","protected":false},"author":1,"featured_media":895,"comment_status":"open","ping_status":"open","sticky":false,"template":"","format":"standard","meta":{"footnotes":""},"categories":[26],"tags":[43,131,136,134],"class_list":["post-894","post","type-post","status-publish","format-standard","has-post-thumbnail","hentry","category-reflexiones","tag-animales","tag-historia","tag-historiador","tag-pasado"],"_links":{"self":[{"href":"https:\/\/animalesypraxis.org\/index.php?rest_route=\/wp\/v2\/posts\/894","targetHints":{"allow":["GET"]}}],"collection":[{"href":"https:\/\/animalesypraxis.org\/index.php?rest_route=\/wp\/v2\/posts"}],"about":[{"href":"https:\/\/animalesypraxis.org\/index.php?rest_route=\/wp\/v2\/types\/post"}],"author":[{"embeddable":true,"href":"https:\/\/animalesypraxis.org\/index.php?rest_route=\/wp\/v2\/users\/1"}],"replies":[{"embeddable":true,"href":"https:\/\/animalesypraxis.org\/index.php?rest_route=%2Fwp%2Fv2%2Fcomments&post=894"}],"version-history":[{"count":1,"href":"https:\/\/animalesypraxis.org\/index.php?rest_route=\/wp\/v2\/posts\/894\/revisions"}],"predecessor-version":[{"id":898,"href":"https:\/\/animalesypraxis.org\/index.php?rest_route=\/wp\/v2\/posts\/894\/revisions\/898"}],"wp:featuredmedia":[{"embeddable":true,"href":"https:\/\/animalesypraxis.org\/index.php?rest_route=\/wp\/v2\/media\/895"}],"wp:attachment":[{"href":"https:\/\/animalesypraxis.org\/index.php?rest_route=%2Fwp%2Fv2%2Fmedia&parent=894"}],"wp:term":[{"taxonomy":"category","embeddable":true,"href":"https:\/\/animalesypraxis.org\/index.php?rest_route=%2Fwp%2Fv2%2Fcategories&post=894"},{"taxonomy":"post_tag","embeddable":true,"href":"https:\/\/animalesypraxis.org\/index.php?rest_route=%2Fwp%2Fv2%2Ftags&post=894"}],"curies":[{"name":"wp","href":"https:\/\/api.w.org\/{rel}","templated":true}]}}