{"id":920,"date":"2025-05-26T03:50:43","date_gmt":"2025-05-26T03:50:43","guid":{"rendered":"https:\/\/animalesypraxis.org\/?p=920"},"modified":"2025-05-26T04:07:46","modified_gmt":"2025-05-26T04:07:46","slug":"cuando-la-indiferencia-mata","status":"publish","type":"post","link":"https:\/\/animalesypraxis.org\/?p=920","title":{"rendered":"Cuando la indiferencia mata"},"content":{"rendered":"\n<p><strong>Victor Enrique Romero Mart\u00ednez<\/strong><\/p>\n\n\n\n<p>El pasado viernes 7 de marzo de 2025, en las instalaciones del Centro Universitario de Arte, Arquitectura y Dise\u00f1o (CUAAD) de la Universidad de Guadalajara, un trabajador atropell\u00f3 a un perro dentro del campus, un hecho que testigos se\u00f1alan como intencional.<\/p>\n\n\n\n<p>La indignaci\u00f3n no tard\u00f3 en manifestarse, tanto en redes sociales como en la propia comunidad universitaria.&nbsp;<\/p>\n\n\n\n<p>Pero m\u00e1s all\u00e1 del enojo, este acto nos obliga a mirar m\u00e1s profundo: no solo al individuo responsable, sino a la cultura que permite que la vida de un animal sea tratada con indiferencia. \u00bfC\u00f3mo llegamos aqu\u00ed? \u00bfQu\u00e9 significa esto sobre nosotros como sociedad?<\/p>\n\n\n\n<p>El atropellamiento intencional de un perro en el CUAAD no es solo un acto de violencia contra un ser indefenso; es un reflejo de algo m\u00e1s profundo, m\u00e1s inquietante. Nos obliga a preguntarnos: \u00bfc\u00f3mo llegamos a un punto en el que la vida de un animal puede ser tratada con tanta indiferencia? \u00bfC\u00f3mo puede alguien, dentro de una instituci\u00f3n que se supone promotora del conocimiento y la sensibilidad art\u00edstica, actuar con tal frialdad?<\/p>\n\n\n\n<p>Lo ocurrido no es un caso aislado ni un simple incidente desafortunado. Es el s\u00edntoma de una sociedad en la que la vida de los dem\u00e1s \u2014humanos y no humanos\u2014 sigue vi\u00e9ndose como algo prescindible, donde la crueldad a\u00fan encuentra cabida en nuestra cotidianidad sin mayores consecuencias.<\/p>\n\n\n\n<p>M\u00e1s all\u00e1 de exigir justicia para este animal, debemos mirar hacia adentro, como comunidad y como individuos. No basta con indignarnos en redes sociales o con se\u00f1alar al culpable. Tenemos que preguntarnos qu\u00e9 estamos haciendo para cambiar la manera en que percibimos y tratamos a los animales. \u00bfEstamos dispuestos a desafiar el especismo que nos han inculcado? \u00bfEstamos promoviendo una cultura de respeto hacia todas las formas de vida o solo reaccionamos cuando la violencia se vuelve innegable?<\/p>\n\n\n\n<p>Este suceso debe ser un llamado a la reflexi\u00f3n y a la acci\u00f3n. Las instituciones educativas, como la UdeG, no pueden quedarse en el discurso; deben asumir un papel activo en la construcci\u00f3n de una comunidad m\u00e1s \u00e9tica. Se necesitan medidas concretas: sanciones ejemplares, educaci\u00f3n sobre el respeto a los animales, protocolos claros para la protecci\u00f3n de los seres que coexisten con nosotros en estos espacios.<\/p>\n\n\n\n<p>Porque, al final del d\u00eda, lo que hagamos (o dejemos de hacer) en respuesta a este acto dir\u00e1 m\u00e1s sobre nosotros que sobre el agresor. Y esa es la pregunta que nos debemos hacer hoy: \u00bfqu\u00e9 clase de comunidad queremos ser?<\/p>\n\n\n\n<figure class=\"wp-block-image size-full\"><img fetchpriority=\"high\" decoding=\"async\" width=\"768\" height=\"1024\" src=\"https:\/\/animalesypraxis.org\/wp-content\/uploads\/2025\/05\/image-5.png\" alt=\"\" class=\"wp-image-921\" srcset=\"https:\/\/animalesypraxis.org\/wp-content\/uploads\/2025\/05\/image-5.png 768w, https:\/\/animalesypraxis.org\/wp-content\/uploads\/2025\/05\/image-5-225x300.png 225w\" sizes=\"(max-width: 768px) 100vw, 768px\" \/><\/figure>\n","protected":false},"excerpt":{"rendered":"<p>Victor Enrique Romero Mart\u00ednez El pasado viernes 7 de marzo de 2025, en las instalaciones del Centro Universitario de Arte, Arquitectura y Dise\u00f1o (CUAAD) de la Universidad de Guadalajara, un trabajador atropell\u00f3 a un perro dentro del campus, un hecho que testigos se\u00f1alan como intencional. La indignaci\u00f3n no tard\u00f3 en manifestarse, tanto en redes sociales [&hellip;]<\/p>\n","protected":false},"author":1,"featured_media":921,"comment_status":"open","ping_status":"open","sticky":false,"template":"","format":"standard","meta":{"footnotes":""},"categories":[26],"tags":[164,167,165,168],"class_list":["post-920","post","type-post","status-publish","format-standard","has-post-thumbnail","hentry","category-reflexiones","tag-atropellar","tag-centro-universitario-de-arte-arquitectura-y-diseno","tag-indiferencia","tag-universidad-de-guadalajara"],"_links":{"self":[{"href":"https:\/\/animalesypraxis.org\/index.php?rest_route=\/wp\/v2\/posts\/920","targetHints":{"allow":["GET"]}}],"collection":[{"href":"https:\/\/animalesypraxis.org\/index.php?rest_route=\/wp\/v2\/posts"}],"about":[{"href":"https:\/\/animalesypraxis.org\/index.php?rest_route=\/wp\/v2\/types\/post"}],"author":[{"embeddable":true,"href":"https:\/\/animalesypraxis.org\/index.php?rest_route=\/wp\/v2\/users\/1"}],"replies":[{"embeddable":true,"href":"https:\/\/animalesypraxis.org\/index.php?rest_route=%2Fwp%2Fv2%2Fcomments&post=920"}],"version-history":[{"count":1,"href":"https:\/\/animalesypraxis.org\/index.php?rest_route=\/wp\/v2\/posts\/920\/revisions"}],"predecessor-version":[{"id":922,"href":"https:\/\/animalesypraxis.org\/index.php?rest_route=\/wp\/v2\/posts\/920\/revisions\/922"}],"wp:featuredmedia":[{"embeddable":true,"href":"https:\/\/animalesypraxis.org\/index.php?rest_route=\/wp\/v2\/media\/921"}],"wp:attachment":[{"href":"https:\/\/animalesypraxis.org\/index.php?rest_route=%2Fwp%2Fv2%2Fmedia&parent=920"}],"wp:term":[{"taxonomy":"category","embeddable":true,"href":"https:\/\/animalesypraxis.org\/index.php?rest_route=%2Fwp%2Fv2%2Fcategories&post=920"},{"taxonomy":"post_tag","embeddable":true,"href":"https:\/\/animalesypraxis.org\/index.php?rest_route=%2Fwp%2Fv2%2Ftags&post=920"}],"curies":[{"name":"wp","href":"https:\/\/api.w.org\/{rel}","templated":true}]}}