{"id":935,"date":"2025-05-28T16:51:12","date_gmt":"2025-05-28T16:51:12","guid":{"rendered":"https:\/\/animalesypraxis.org\/?p=935"},"modified":"2025-05-28T16:51:18","modified_gmt":"2025-05-28T16:51:18","slug":"a-que-candidatxs-les-importa-la-cuestion-animal-en-las-elecciones-del-1o-de-junio-en-mexico","status":"publish","type":"post","link":"https:\/\/animalesypraxis.org\/?p=935","title":{"rendered":"\u00bfA qu\u00e9 candidatxs, les importa la cuesti\u00f3n animal en las elecciones del 1\u00ba de junio, en M\u00e9xico?"},"content":{"rendered":"\n<p>Por Dra. Nely Lucano (directora Animales y Praxis y profesora de la UdG), A\u00edda Jim\u00e9nez y Liliana Felipe (integrantes de la Red VA) y Benjam\u00edn Sierra (consultor de medios digitales)<\/p>\n\n\n\n<p><\/p>\n\n\n\n<p>El pr\u00f3ximo domingo 1\u00ba de junio, en M\u00e9xico suceder\u00e1 un hecho que muchas integrantes de la Red Veganas Antiespecistas y de Animales y Praxis, consideramos hist\u00f3rico. Por primera vez en m\u00e1s de un siglo, las y los mexicanos escogeremos a los integrantes del poder judicial.<\/p>\n\n\n\n<p>En este marco hist\u00f3rico, nos pareci\u00f3 necesario indagar si para lxs 3,099 candidatxs que contienden para la elecci\u00f3n del 1 de junio, la cuesti\u00f3n animal es un asunto relevante para construir sociedades m\u00e1s justas, solidarias y ben\u00e9volas. Por ello, nos dimos a la tarea de hacer una consulta, a trav\u00e9s de un sencillo&nbsp;<a href=\"https:\/\/docs.google.com\/forms\/d\/e\/1FAIpQLSc5dkBm1P0oz7WBrR8UAGCviDqRhY9z1WGuS5ioJgE7GwTKcg\/viewform\" rel=\"nofollow noopener\" target=\"_blank\">cuestionario<\/a>&nbsp;de 5 preguntas, que enviamos a la totalidad de ellxs, el pasado 7 de mayo. En quince d\u00edas recibimos 64 respuestas, es decir, s\u00f3lo el 2 % de lxs candidatxs respondi\u00f3.<\/p>\n\n\n\n<p>Para nosotrxs, saber cu\u00e1l es la postura de los futuros integrantes del sistema judicial, con relaci\u00f3n al derecho de los animales es un tema muy urgente de atender desde cualquier lado del espectro pol\u00edtico. Pues un sistema jur\u00eddico que no se renueve en el tema animal, quedar\u00e1 anclado en un pasado plagado de injusticia.<\/p>\n\n\n\n<p>El desd\u00e9n del 98% de lxs candidatxs, revela la Indiferencia de la mayor\u00eda de lxs aspirantes hacia un tema de vital importancia y nos alerta sobre cu\u00e1n alejada est\u00e1 la conciencia humana de los descubrimientos sobre la conciencia animal.<\/p>\n\n\n\n<p>Mientras no se atiendan las solicitudes de los ciudadanos a trav\u00e9s de cuestionarios como este y no se reconozcan los derechos de los dem\u00e1s animales, como principio indispensable para construir mejores sociedades, el aparato jur\u00eddico queda en entredicho.<\/p>\n\n\n\n<p>A continuaci\u00f3n, presentamos los resultados de esta consulta. No se trata de la \u201clista\u201d de candidatxs que recomendamos, sino de los nombres y n\u00fameros de las mujeres y hombres que, por una parte, le dieron importancia a responder nuestras preguntas. Por otra parte, cuyas respuestas nos hablan de que tienen un compromiso con la cuesti\u00f3n animal. S\u00f3lo nos respondieron personas de las boletas&nbsp;<strong>morada<\/strong>&nbsp;(SCJN);&nbsp;<strong>salm\u00f3n<\/strong>&nbsp;(Sala regional);&nbsp;<strong>rosa<\/strong>&nbsp;(de circuito); y&nbsp;<strong>amarilla<\/strong>&nbsp;(juezas y jueces). Por ello, ver\u00e1n que los resultados de la consulta s\u00f3lo se refieren a esas 4 boletas.<\/p>\n\n\n\n<p>Agradecemos a todxs lxs candidatos que nos respondieron. Les deseamos la mejor de las suertes y esperamos ser sus interlocutoras en el reto que tenemos por delante, tanto en materia de justicia para personas humanas, como no humanas.<\/p>\n\n\n\n<figure class=\"wp-block-image size-full is-resized\"><img fetchpriority=\"high\" decoding=\"async\" width=\"406\" height=\"582\" src=\"https:\/\/animalesypraxis.org\/wp-content\/uploads\/2025\/05\/1.1.jpg\" alt=\"\" class=\"wp-image-936\" style=\"width:728px;height:auto\" srcset=\"https:\/\/animalesypraxis.org\/wp-content\/uploads\/2025\/05\/1.1.jpg 406w, https:\/\/animalesypraxis.org\/wp-content\/uploads\/2025\/05\/1.1-209x300.jpg 209w\" sizes=\"(max-width: 406px) 100vw, 406px\" \/><\/figure>\n\n\n\n<p><\/p>\n\n\n\n<figure class=\"wp-block-image size-full\"><img decoding=\"async\" width=\"791\" height=\"456\" src=\"https:\/\/animalesypraxis.org\/wp-content\/uploads\/2025\/05\/1.2.jpg\" alt=\"\" class=\"wp-image-937\" srcset=\"https:\/\/animalesypraxis.org\/wp-content\/uploads\/2025\/05\/1.2.jpg 791w, https:\/\/animalesypraxis.org\/wp-content\/uploads\/2025\/05\/1.2-300x173.jpg 300w, https:\/\/animalesypraxis.org\/wp-content\/uploads\/2025\/05\/1.2-768x443.jpg 768w\" sizes=\"(max-width: 791px) 100vw, 791px\" \/><\/figure>\n\n\n\n<p><\/p>\n\n\n\n<figure class=\"wp-block-image size-full is-resized\"><img decoding=\"async\" width=\"552\" height=\"506\" src=\"https:\/\/animalesypraxis.org\/wp-content\/uploads\/2025\/05\/1.3.jpg\" alt=\"\" class=\"wp-image-938\" style=\"width:728px;height:auto\" srcset=\"https:\/\/animalesypraxis.org\/wp-content\/uploads\/2025\/05\/1.3.jpg 552w, https:\/\/animalesypraxis.org\/wp-content\/uploads\/2025\/05\/1.3-300x275.jpg 300w\" sizes=\"(max-width: 552px) 100vw, 552px\" \/><\/figure>\n\n\n\n<figure class=\"wp-block-image size-full is-resized\"><img loading=\"lazy\" decoding=\"async\" width=\"557\" height=\"478\" src=\"https:\/\/animalesypraxis.org\/wp-content\/uploads\/2025\/05\/1.4.jpg\" alt=\"\" class=\"wp-image-939\" style=\"width:728px;height:auto\" srcset=\"https:\/\/animalesypraxis.org\/wp-content\/uploads\/2025\/05\/1.4.jpg 557w, https:\/\/animalesypraxis.org\/wp-content\/uploads\/2025\/05\/1.4-300x257.jpg 300w\" sizes=\"(max-width: 557px) 100vw, 557px\" \/><\/figure>\n","protected":false},"excerpt":{"rendered":"<p>Por Dra. Nely Lucano (directora Animales y Praxis y profesora de la UdG), A\u00edda Jim\u00e9nez y Liliana Felipe (integrantes de la Red VA) y Benjam\u00edn Sierra (consultor de medios digitales) El pr\u00f3ximo domingo 1\u00ba de junio, en M\u00e9xico suceder\u00e1 un hecho que muchas integrantes de la Red Veganas Antiespecistas y de Animales y Praxis, consideramos [&hellip;]<\/p>\n","protected":false},"author":1,"featured_media":936,"comment_status":"open","ping_status":"open","sticky":false,"template":"","format":"standard","meta":{"footnotes":""},"categories":[42,28,183,26],"tags":[187,184,185,186],"class_list":["post-935","post","type-post","status-publish","format-standard","has-post-thumbnail","hentry","category-articulo","category-normativo","category-politica","category-reflexiones","tag-1-junio","tag-candidatos","tag-elecciones","tag-poder-judicial"],"_links":{"self":[{"href":"https:\/\/animalesypraxis.org\/index.php?rest_route=\/wp\/v2\/posts\/935","targetHints":{"allow":["GET"]}}],"collection":[{"href":"https:\/\/animalesypraxis.org\/index.php?rest_route=\/wp\/v2\/posts"}],"about":[{"href":"https:\/\/animalesypraxis.org\/index.php?rest_route=\/wp\/v2\/types\/post"}],"author":[{"embeddable":true,"href":"https:\/\/animalesypraxis.org\/index.php?rest_route=\/wp\/v2\/users\/1"}],"replies":[{"embeddable":true,"href":"https:\/\/animalesypraxis.org\/index.php?rest_route=%2Fwp%2Fv2%2Fcomments&post=935"}],"version-history":[{"count":1,"href":"https:\/\/animalesypraxis.org\/index.php?rest_route=\/wp\/v2\/posts\/935\/revisions"}],"predecessor-version":[{"id":940,"href":"https:\/\/animalesypraxis.org\/index.php?rest_route=\/wp\/v2\/posts\/935\/revisions\/940"}],"wp:featuredmedia":[{"embeddable":true,"href":"https:\/\/animalesypraxis.org\/index.php?rest_route=\/wp\/v2\/media\/936"}],"wp:attachment":[{"href":"https:\/\/animalesypraxis.org\/index.php?rest_route=%2Fwp%2Fv2%2Fmedia&parent=935"}],"wp:term":[{"taxonomy":"category","embeddable":true,"href":"https:\/\/animalesypraxis.org\/index.php?rest_route=%2Fwp%2Fv2%2Fcategories&post=935"},{"taxonomy":"post_tag","embeddable":true,"href":"https:\/\/animalesypraxis.org\/index.php?rest_route=%2Fwp%2Fv2%2Ftags&post=935"}],"curies":[{"name":"wp","href":"https:\/\/api.w.org\/{rel}","templated":true}]}}